{"id":39,"date":"2013-07-21T09:01:31","date_gmt":"2013-07-21T07:01:31","guid":{"rendered":"http:\/\/derechointernacionalprivado.umh.es\/2013\/07\/21\/el-profesor-de-la-umh-alfonso-ortega-gimenez-primer-accesit-del-premio-de-ensayo-breve-en-ciencias-sociales-%e2%80%9cfermin-caballero%e2%80%9d\/"},"modified":"2013-07-21T09:13:08","modified_gmt":"2013-07-21T07:13:08","slug":"el-profesor-de-la-umh-alfonso-ortega-gimenez-primer-accesit-del-premio-de-ensayo-breve-en-ciencias-sociales-%e2%80%9cfermin-caballero%e2%80%9d","status":"publish","type":"post","link":"https:\/\/derechointernacionalprivado.umh.es\/en\/2013\/07\/21\/el-profesor-de-la-umh-alfonso-ortega-gimenez-primer-accesit-del-premio-de-ensayo-breve-en-ciencias-sociales-%e2%80%9cfermin-caballero%e2%80%9d\/","title":{"rendered":"<span lang=\"es\">(Espa\u00f1ol) El profesor de la UMH Alfonso Ortega Gim\u00e9nez, primer acc\u00e9sit del Premio de Ensayo Breve en Ciencias Sociales \u201cFerm\u00edn Caballero\u201d<\/span>"},"content":{"rendered":"<p class=\"qtranxs-available-languages-message qtranxs-available-languages-message-en\">Sorry, this entry is only available in <a href=\"https:\/\/derechointernacionalprivado.umh.es\/es\/wp-json\/wp\/v2\/posts\/39\" class=\"qtranxs-available-language-link qtranxs-available-language-link-es\" title=\"Espa\u00f1ol\">European Spanish<\/a>.<\/p>","protected":false},"excerpt":{"rendered":"<p>Sorry, this entry is only available in European Spanish.<\/p>\n","protected":false},"author":561,"featured_media":0,"comment_status":"closed","ping_status":"open","sticky":false,"template":"","format":"standard","meta":{"_links_to":"","_links_to_target":""},"categories":[633,1],"tags":[],"_links":{"self":[{"href":"https:\/\/derechointernacionalprivado.umh.es\/en\/wp-json\/wp\/v2\/posts\/39"}],"collection":[{"href":"https:\/\/derechointernacionalprivado.umh.es\/en\/wp-json\/wp\/v2\/posts"}],"about":[{"href":"https:\/\/derechointernacionalprivado.umh.es\/en\/wp-json\/wp\/v2\/types\/post"}],"author":[{"embeddable":true,"href":"https:\/\/derechointernacionalprivado.umh.es\/en\/wp-json\/wp\/v2\/users\/561"}],"replies":[{"embeddable":true,"href":"https:\/\/derechointernacionalprivado.umh.es\/en\/wp-json\/wp\/v2\/comments?post=39"}],"version-history":[{"count":0,"href":"https:\/\/derechointernacionalprivado.umh.es\/en\/wp-json\/wp\/v2\/posts\/39\/revisions"}],"wp:attachment":[{"href":"https:\/\/derechointernacionalprivado.umh.es\/en\/wp-json\/wp\/v2\/media?parent=39"}],"wp:term":[{"taxonomy":"category","embeddable":true,"href":"https:\/\/derechointernacionalprivado.umh.es\/en\/wp-json\/wp\/v2\/categories?post=39"},{"taxonomy":"post_tag","embeddable":true,"href":"https:\/\/derechointernacionalprivado.umh.es\/en\/wp-json\/wp\/v2\/tags?post=39"}],"curies":[{"name":"wp","href":"https:\/\/api.w.org\/{rel}","templated":true}]}}