{"id":40,"date":"2013-07-21T09:27:59","date_gmt":"2013-07-21T07:27:59","guid":{"rendered":"http:\/\/derechointernacionalprivado.umh.es\/2013\/07\/21\/el-profesor-de-la-umh-alfonso-ortega-gimenez-obtiene-el-v-premio-juridico-internacional-isde-2013-en-%e2%80%9cderecho-internacional%e2%80%9d-en-la-categoria-profesional\/"},"modified":"2013-07-21T09:30:27","modified_gmt":"2013-07-21T07:30:27","slug":"el-profesor-de-la-umh-alfonso-ortega-gimenez-obtiene-el-v-premio-juridico-internacional-isde-2013-en-%e2%80%9cderecho-internacional%e2%80%9d-en-la-categoria-profesional","status":"publish","type":"post","link":"https:\/\/derechointernacionalprivado.umh.es\/ca\/2013\/07\/21\/el-profesor-de-la-umh-alfonso-ortega-gimenez-obtiene-el-v-premio-juridico-internacional-isde-2013-en-%e2%80%9cderecho-internacional%e2%80%9d-en-la-categoria-profesional\/","title":{"rendered":"<span lang=\"es\">(Espa\u00f1ol) El profesor de la UMH Alfonso Ortega Gim\u00e9nez obtiene el V Premio Jur\u00eddico Internacional ISDE 2013 en \u201cDerecho internacional\u201d, en la categor\u00eda profesional<\/span>"},"content":{"rendered":"<p><\/p>\n<p><\/p>","protected":false},"excerpt":{"rendered":"","protected":false},"author":561,"featured_media":0,"comment_status":"closed","ping_status":"open","sticky":false,"template":"","format":"standard","meta":{"_links_to":"","_links_to_target":""},"categories":[633],"tags":[],"_links":{"self":[{"href":"https:\/\/derechointernacionalprivado.umh.es\/ca\/wp-json\/wp\/v2\/posts\/40"}],"collection":[{"href":"https:\/\/derechointernacionalprivado.umh.es\/ca\/wp-json\/wp\/v2\/posts"}],"about":[{"href":"https:\/\/derechointernacionalprivado.umh.es\/ca\/wp-json\/wp\/v2\/types\/post"}],"author":[{"embeddable":true,"href":"https:\/\/derechointernacionalprivado.umh.es\/ca\/wp-json\/wp\/v2\/users\/561"}],"replies":[{"embeddable":true,"href":"https:\/\/derechointernacionalprivado.umh.es\/ca\/wp-json\/wp\/v2\/comments?post=40"}],"version-history":[{"count":0,"href":"https:\/\/derechointernacionalprivado.umh.es\/ca\/wp-json\/wp\/v2\/posts\/40\/revisions"}],"wp:attachment":[{"href":"https:\/\/derechointernacionalprivado.umh.es\/ca\/wp-json\/wp\/v2\/media?parent=40"}],"wp:term":[{"taxonomy":"category","embeddable":true,"href":"https:\/\/derechointernacionalprivado.umh.es\/ca\/wp-json\/wp\/v2\/categories?post=40"},{"taxonomy":"post_tag","embeddable":true,"href":"https:\/\/derechointernacionalprivado.umh.es\/ca\/wp-json\/wp\/v2\/tags?post=40"}],"curies":[{"name":"wp","href":"https:\/\/api.w.org\/{rel}","templated":true}]}}